{"id":924,"date":"2026-09-01T10:56:35","date_gmt":"2026-09-01T08:56:35","guid":{"rendered":"https:\/\/favoritplus.ro\/?p=924"},"modified":"2026-09-01T11:39:19","modified_gmt":"2026-09-01T09:39:19","slug":"favorit-lanseaza-concursul-foto-drumul-taberei-identitate-memorie-viitor","status":"publish","type":"post","link":"https:\/\/favoritplus.ro\/en\/favorit-lanseaza-concursul-foto-drumul-taberei-identitate-memorie-viitor\/","title":{"rendered":"FAVORIT+ lanseaz\u0103 concursul foto \u00abDrumul Taberei: Identitate, Memorie, Viitor\u00bb"},"content":{"rendered":"<p class=\"has-medium-font-size wp-block-paragraph\">Cum arat\u0103 Drumul Taberei prin ochii utilizatorilor? Ce elemente \u00eei definesc identitatea \u0219i ce merit\u0103 p\u0103strat pe m\u0103sur\u0103 ce acest cartier se transform\u0103? FAVORIT+ lanseaz\u0103 concursul foto \u201c<em>Drumul Taberei: Identitate, Memorie, Viitor<\/em>\u201d, o invita\u021bie deschis\u0103 de a documenta prin fotografie oamenii locului, arhitectura, spa\u021biile comunitare, memoria \u0219i via\u021ba cotidian\u0103 a unuia dintre cele mai recognoscibile cartiere ale Bucure\u0219tiului.<\/p>\n\n\n\n<p class=\"has-medium-font-size wp-block-paragraph\">Prin concursul \u201c<em>Drumul Taberei: Identitate, Memorie, Viitor<\/em>\u201d, proiectul FAVORIT+ invit\u0103 locuitorii, fotografii, arti\u0219tii vizuali \u0219i toate persoanele interesate de cartier s\u0103 construiasc\u0103 \u00eempreun\u0103 o arhiv\u0103 vizual\u0103 a Drumului Taberei de ast\u0103zi \u0219i de ieri.<\/p>\n\n\n\n<p class=\"has-medium-font-size wp-block-paragraph\">Drumul Taberei poate fi privit ca un ansamblu urban, ca un peisaj, ca o colec\u021bie de amintiri sau ca locul unor gesturi foarte obi\u0219nuite. \u00cempreun\u0103, aceste perspective spun \u00eens\u0103 ceva despre identitatea cartierului \u0219i despre felul \u00een care acesta ar putea evolua.<\/p>\n\n\n\n<p class=\"has-medium-font-size wp-block-paragraph\"><strong>De ce un concurs de fotografie \u00een cadrul FAVORIT+?<\/strong><\/p>\n\n\n\n<p class=\"has-medium-font-size wp-block-paragraph\">\u00cen cadrul FAVORIT+, una din activit\u0103\u021bile proiectului este elaborarea unui <em>Ghid de bun\u0103 practic\u0103 \u2013 un manual de imagine urban\u0103 pentru renovarea cl\u0103dirilor din marile ansambluri de locuire<\/em>. Pe m\u0103sur\u0103 ce lucr\u0103rile de renovare se intensific\u0103, apare o \u00eentrebare critic\u0103: transform\u0103m pozitiv sau afect\u0103m identitatea locului? Cum putem interveni responsabil astfel \u00eenc\u00e2t s\u0103 p\u0103str\u0103m esen\u021ba urban\u0103 \u0219i de peisaj a acestor cartiere? Imaginile adunate prin concurs ajut\u0103 la \u00een\u021belegerea percep\u021biei locuitorilor asupra cartierului. Aceste fotografii vor valida elementele valoroase identificate \u00een ghidul de bun\u0103 practic\u0103, care fac referire la: identitatea zonei, detalii relevante \u0219i situa\u021bii care trebuie protejate sau \u00eembun\u0103t\u0103\u021bite.<\/p>\n\n\n\n<p class=\"has-medium-font-size wp-block-paragraph\">Pentru a \u00een\u021belege cum ar trebui ca Drumul Taberei s\u0103 evolueze coerent &#8211; respect\u00e2nd istoria, comunitatea \u0219i valoarea urbanistic\u0103 \u0219i peisager\u0103 &#8211; totul \u00eencepe cu un dialog. Iar acest dialog \u00eencepe prin surprinderea vizual\u0103 a realit\u0103\u021bii: documentarea st\u0103rii existente, compararea trecutului cu prezentul sau reinterpretarea creativ\u0103 a peisajului prin abstractizare \u0219i colaj.<\/p>\n\n\n\n<p class=\"has-large-font-size wp-block-paragraph\"><strong>Trei perspective asupra cartierului<\/strong><\/p>\n\n\n\n<p class=\"has-medium-font-size wp-block-paragraph\">Participan\u021bii pot \u00eenscrie fotografiile \u00een 3 sec\u021biuni.<\/p>\n\n\n\n<p class=\"has-medium-font-size wp-block-paragraph\"><strong>1. Oameni \u0219i via\u021ba \u00een cartier<\/strong><\/p>\n\n\n\n<p class=\"has-medium-font-size wp-block-paragraph\">Fotografie jurnalistic\u0103 \u0219i\/sau cu valoare social\u0103: oameni, \u00eent\u00e2lniri, activit\u0103\u021bi cotidiene, gesturi, micro-pove\u0219ti urbane \u0219i felul \u00een care spa\u021biile sunt folosite. Se \u00eencurajeaz\u0103 o scurt\u0103 poveste care ofer\u0103 context imaginii.<\/p>\n\n\n\n<p class=\"has-medium-font-size wp-block-paragraph\"><strong>2. Urbanism, arhitectur\u0103 \u0219i peisaj<\/strong><\/p>\n\n\n\n<p class=\"has-medium-font-size wp-block-paragraph\">De la imaginea de ansamblu la detaliu: blocuri, rela\u021bii dintre cl\u0103diri, spa\u021bii publice, vegeta\u021bie, pie\u021be \u0219i repere locale, trasee, compozi\u021bii urbane, fa\u021bade, elemente de mobilier sau alte detalii care definesc peisajul construit \u0219i verde.<\/p>\n\n\n\n<p class=\"has-medium-font-size wp-block-paragraph\"><strong>3. Memorie, detaliu \u0219i reinterpretare<\/strong><\/p>\n\n\n\n<p class=\"has-medium-font-size wp-block-paragraph\">Interpret\u0103ri vizuale mai libere: fotografii de arhiv\u0103 din colec\u021bii personale, compara\u021bii trecut\u2013prezent, detalii, abstrac\u021bii, colaje \u0219i montaje bazate pe fotografii proprii. \u00cen aceast\u0103 sec\u021biune sunt acceptate interven\u021bii grafice \u0219i compozi\u021bii digitale, cu condi\u021bia ca materialul fotografic de baz\u0103 s\u0103 apar\u021bin\u0103 participantului.<\/p>\n\n\n\n<p class=\"has-medium-font-size wp-block-paragraph\"><strong>Cine poate participa?<\/strong><\/p>\n\n\n\n<p class=\"has-medium-font-size wp-block-paragraph\">Concursul este deschis oric\u0103rei persoane interesate de fotografie \u0219i de Drumul Taberei, indiferent de profesie, experien\u021b\u0103 fotografic\u0103 sau tipul de echipament utilizat.&nbsp;<\/p>\n\n\n\n<p class=\"has-medium-font-size wp-block-paragraph\">Nu este necesar un aparat profesional. Fotografiile pot fi realizate inclusiv cu telefonul mobil. Ceea ce conteaz\u0103 este relevan\u021ba imaginii pentru tema concursului, perspectiva propus\u0103 \u0219i povestea pe care aceasta o spune despre cartier.<\/p>\n\n\n\n<p class=\"has-medium-font-size wp-block-paragraph\">Fiecare participant poate \u00eenscrie maximum 3 lucr\u0103ri \u00een total, fie \u00een aceea\u0219i sec\u021biune, fie distribuite \u00eentre mai multe sec\u021biuni.<\/p>\n\n\n\n<p class=\"has-medium-font-size wp-block-paragraph\">\u00cen cazul fotografiilor de arhiv\u0103 vor trebui precizate, atunci c\u00e2nd sunt cunoscute, anul aproximativ, autorul \u0219i sursa imaginii.<\/p>\n\n\n\n<p class=\"has-medium-font-size wp-block-paragraph\">Imaginile generate integral cu inteligen\u021b\u0103 artificial\u0103 nu sunt eligibile. \u00cen sec\u021biunea \u201e<em>Memorie, detaliu \u0219i reinterpretare<\/em>\u201d sunt acceptate colaje, montaje \u0219i interven\u021bii grafice \u00een condi\u021biile prev\u0103zute \u00een regulamentul concursului.<\/p>\n\n\n\n<p class=\"has-medium-font-size wp-block-paragraph\"><strong>Jurizare, premii \u0219i expozi\u021bie&nbsp;<\/strong><\/p>\n\n\n\n<p class=\"has-medium-font-size wp-block-paragraph\">Lucr\u0103rile eligibile vor fi evaluate pe baza relevan\u021bei pentru tema concursului \u0219i pentru Drumul Taberei, a valorii documentare sau interpretative, a calit\u0103\u021bii vizuale \u0219i a originalit\u0103\u021bii perspectivei.<\/p>\n\n\n\n<p class=\"has-medium-font-size wp-block-paragraph\">La nivelul concursului vor fi acordate premiile I, II, III \u0219i preferatul publicului, cu premii dedicate pasiona\u021bilor de fotografie. Alte lucr\u0103ri pot primi men\u021biuni \u0219i pot fi selectate pentru prezentarea public\u0103 \u00een cadrul proiectului.<\/p>\n\n\n\n<p class=\"has-medium-font-size wp-block-paragraph\">Lucr\u0103rile selectate vor putea fi reunite \u00eentr-o expozi\u021bie dedicat\u0103 proiectului, transform\u00e2nd perspectivele individuale \u00eentr-un portret colectiv al cartierului.<\/p>\n\n\n\n<p class=\"has-medium-font-size wp-block-paragraph\"><strong>\u00censcrierile sunt deschise \u00eentre 1 \u0219i 28 septembrie&nbsp;<\/strong><\/p>\n\n\n\n<p class=\"has-medium-font-size wp-block-paragraph\">Fotografiile pot fi \u00eenscrise \u00een concurs \u00een perioada:<\/p>\n\n\n\n<p class=\"has-medium-font-size wp-block-paragraph\">1 septembrie \u2013 28 septembrie 2026, ora 23:59.<\/p>\n\n\n\n<p class=\"has-palette-color-2-color has-text-color has-link-color has-medium-font-size wp-elements-1 wp-block-paragraph\">\ud83d\udc49 <a href=\"https:\/\/favoritplus.ro\/wp-content\/uploads\/Concurs-foto-Drumul-Taberei-FAVORIT.pdf\" target=\"_blank\" rel=\"noopener\">Regulamentul complet<\/a><\/p>\n\n\n\n<p class=\"has-palette-color-2-color has-text-color has-link-color has-medium-font-size wp-elements-2 wp-block-paragraph\">\ud83d\udd17 <a href=\"https:\/\/urbanizehub.typeform.com\/to\/EsMVSMxA\" target=\"_blank\" rel=\"noopener\">Link de \u00eenscriere<\/a><\/p>\n\n\n\n<p class=\"has-medium-font-size wp-block-paragraph\"><strong>Arat\u0103-ne Drumul Taberei a\u0219a cum \u00eel vezi tu.<\/strong><\/p>\n\n\n\n<p class=\"has-small-font-size wp-block-paragraph\"><em>Concursul este organizat \u00een cadrul proiectului FAVORIT+. Proiectul este cofinan\u021bat de Uniunea European\u0103 prin programul European Urban Initiative (EUI) \u0219i este implementat de Prim\u0103ria Sectorului 6 al Municipiului Bucure\u0219ti, \u00een calitate de beneficiar principal, \u00eempreun\u0103 cu partenerii consor\u021biului.<\/em><\/p>\n\n\n\n<p class=\"wp-block-paragraph\"><\/p>","protected":false},"excerpt":{"rendered":"<p>Cum arat\u0103 Drumul Taberei prin ochii utilizatorilor? Ce elemente \u00eei definesc identitatea \u0219i ce merit\u0103 p\u0103strat pe m\u0103sur\u0103 ce acest cartier se transform\u0103? FAVORIT+ lanseaz\u0103 concursul foto \u201cDrumul Taberei: Identitate, Memorie, Viitor\u201d, o invita\u021bie deschis\u0103 de a documenta prin fotografie oamenii locului, arhitectura, spa\u021biile comunitare, memoria \u0219i via\u021ba cotidian\u0103 a unuia dintre cele mai recognoscibile [&hellip;]<\/p>\n","protected":false},"author":2,"featured_media":931,"comment_status":"closed","ping_status":"closed","sticky":false,"template":"","format":"standard","meta":{"footnotes":""},"categories":[43],"tags":[],"class_list":["post-924","post","type-post","status-publish","format-standard","has-post-thumbnail","hentry","category-concurs"],"blocksy_meta":[],"aioseo_notices":[],"aioseo_head":"\n\t\t<!-- All in One SEO 5.0.1.1 - aioseo.com -->\n\t<meta name=\"description\" content=\"Cum arat\u0103 Drumul Taberei prin ochii utilizatorilor? Ce elemente \u00eei definesc identitatea \u0219i ce merit\u0103 p\u0103strat pe m\u0103sur\u0103 ce acest cartier se transform\u0103? FAVORIT+ lanseaz\u0103 concursul foto \u201cDrumul Taberei: Identitate, Memorie, Viitor\u201d, o invita\u021bie deschis\u0103 de a documenta prin fotografie oamenii locului, arhitectura, spa\u021biile comunitare, memoria \u0219i via\u021ba cotidian\u0103 a unuia dintre cele mai recognoscibile\" \/>\n\t<meta name=\"robots\" content=\"max-image-preview:large\" \/>\n\t<meta name=\"author\" content=\"Marius Marius\"\/>\n\t<meta name=\"google-site-verification\" content=\"RHLDH-FqSqpZuKrc6v2-k7Gj6eB58YsjUs2Q3MhpHUg\" \/>\n\t<link rel=\"canonical\" href=\"https:\/\/favoritplus.ro\/en\/favorit-lanseaza-concursul-foto-drumul-taberei-identitate-memorie-viitor\/\" \/>\n\t<meta name=\"generator\" content=\"All in One SEO (AIOSEO) 5.0.1.1\" \/>\n\t\t<meta property=\"og:locale\" content=\"en_GB\" \/>\n\t\t<meta property=\"og:site_name\" content=\"FAVORIT+ | Favorit Plus \u2013 Proiect de regenerare urban\u0103 bio-based \u00een Cartierul Favorit, Sectorul 6 Bucure\u0219ti\" \/>\n\t\t<meta property=\"og:type\" content=\"article\" \/>\n\t\t<meta property=\"og:title\" content=\"FAVORIT+ lanseaz\u0103 concursul foto \u00abDrumul Taberei: Identitate, Memorie, Viitor\u00bb \u2013 FAVORIT+ | Favorit Plus\" \/>\n\t\t<meta property=\"og:description\" content=\"Cum arat\u0103 Drumul Taberei prin ochii utilizatorilor? Ce elemente \u00eei definesc identitatea \u0219i ce merit\u0103 p\u0103strat pe m\u0103sur\u0103 ce acest cartier se transform\u0103? FAVORIT+ lanseaz\u0103 concursul foto \u201cDrumul Taberei: Identitate, Memorie, Viitor\u201d, o invita\u021bie deschis\u0103 de a documenta prin fotografie oamenii locului, arhitectura, spa\u021biile comunitare, memoria \u0219i via\u021ba cotidian\u0103 a unuia dintre cele mai recognoscibile\" \/>\n\t\t<meta property=\"og:url\" content=\"https:\/\/favoritplus.ro\/en\/favorit-lanseaza-concursul-foto-drumul-taberei-identitate-memorie-viitor\/\" \/>\n\t\t<meta property=\"og:image\" content=\"https:\/\/favoritplus.ro\/wp-content\/uploads\/FAVORITplus-site-cover.png\" \/>\n\t\t<meta property=\"og:image:secure_url\" content=\"https:\/\/favoritplus.ro\/wp-content\/uploads\/FAVORITplus-site-cover.png\" \/>\n\t\t<meta property=\"og:image:width\" content=\"1200\" \/>\n\t\t<meta property=\"og:image:height\" content=\"960\" \/>\n\t\t<meta property=\"article:published_time\" content=\"2026-09-01T08:56:35+00:00\" \/>\n\t\t<meta property=\"article:modified_time\" content=\"2026-09-01T09:39:19+00:00\" \/>\n\t\t<meta property=\"article:publisher\" content=\"https:\/\/www.facebook.com\/profile.php?id=61586269782435\" \/>\n\t\t<meta name=\"twitter:card\" content=\"summary_large_image\" \/>\n\t\t<meta name=\"twitter:site\" content=\"@favorit_plus\" \/>\n\t\t<meta name=\"twitter:title\" content=\"FAVORIT+ lanseaz\u0103 concursul foto \u00abDrumul Taberei: Identitate, Memorie, Viitor\u00bb \u2013 FAVORIT+ | Favorit Plus\" \/>\n\t\t<meta name=\"twitter:description\" content=\"Cum arat\u0103 Drumul Taberei prin ochii utilizatorilor? Ce elemente \u00eei definesc identitatea \u0219i ce merit\u0103 p\u0103strat pe m\u0103sur\u0103 ce acest cartier se transform\u0103? FAVORIT+ lanseaz\u0103 concursul foto \u201cDrumul Taberei: Identitate, Memorie, Viitor\u201d, o invita\u021bie deschis\u0103 de a documenta prin fotografie oamenii locului, arhitectura, spa\u021biile comunitare, memoria \u0219i via\u021ba cotidian\u0103 a unuia dintre cele mai recognoscibile\" \/>\n\t\t<meta name=\"twitter:creator\" content=\"@favorit_plus\" \/>\n\t\t<meta name=\"twitter:image\" content=\"https:\/\/favoritplus.ro\/wp-content\/uploads\/FAVORITplus-site-cover.png\" \/>\n\t\t<script type=\"application\/ld+json\" class=\"aioseo-schema\">\n\t\t\t{\"@context\":\"https:\\\/\\\/schema.org\",\"@graph\":[{\"@type\":\"BlogPosting\",\"@id\":\"https:\\\/\\\/favoritplus.ro\\\/en\\\/favorit-lanseaza-concursul-foto-drumul-taberei-identitate-memorie-viitor\\\/#blogposting\",\"name\":\"FAVORIT+ lanseaz\\u0103 concursul foto \\u00abDrumul Taberei: Identitate, Memorie, Viitor\\u00bb \\u2013 FAVORIT+ | Favorit Plus\",\"headline\":\"FAVORIT+ lanseaz\\u0103 concursul foto \\u00abDrumul Taberei: Identitate, Memorie, Viitor\\u00bb\",\"author\":{\"@id\":\"https:\\\/\\\/favoritplus.ro\\\/en\\\/author\\\/urbanize\\\/#author\"},\"publisher\":{\"@id\":\"https:\\\/\\\/favoritplus.ro\\\/en\\\/#organization\"},\"image\":{\"@type\":\"ImageObject\",\"url\":\"https:\\\/\\\/favoritplus.ro\\\/wp-content\\\/uploads\\\/drumul-taberei-2-e1788254850579.jpeg\",\"width\":1920,\"height\":1082},\"datePublished\":\"2026-09-01T10:56:35+02:00\",\"dateModified\":\"2026-09-01T11:39:19+02:00\",\"inLanguage\":\"en-GB\",\"mainEntityOfPage\":{\"@id\":\"https:\\\/\\\/favoritplus.ro\\\/en\\\/favorit-lanseaza-concursul-foto-drumul-taberei-identitate-memorie-viitor\\\/#webpage\"},\"isPartOf\":{\"@id\":\"https:\\\/\\\/favoritplus.ro\\\/en\\\/favorit-lanseaza-concursul-foto-drumul-taberei-identitate-memorie-viitor\\\/#webpage\"},\"articleSection\":\"CONCURS\"},{\"@type\":\"BreadcrumbList\",\"@id\":\"https:\\\/\\\/favoritplus.ro\\\/en\\\/favorit-lanseaza-concursul-foto-drumul-taberei-identitate-memorie-viitor\\\/#breadcrumblist\",\"itemListElement\":[{\"@type\":\"ListItem\",\"@id\":\"https:\\\/\\\/favoritplus.ro\\\/en#listItem\",\"position\":1,\"name\":\"Home\",\"item\":\"https:\\\/\\\/favoritplus.ro\\\/en\",\"nextItem\":{\"@type\":\"ListItem\",\"@id\":\"https:\\\/\\\/favoritplus.ro\\\/en\\\/category\\\/concurs\\\/#listItem\",\"name\":\"CONCURS\"}},{\"@type\":\"ListItem\",\"@id\":\"https:\\\/\\\/favoritplus.ro\\\/en\\\/category\\\/concurs\\\/#listItem\",\"position\":2,\"name\":\"CONCURS\",\"item\":\"https:\\\/\\\/favoritplus.ro\\\/en\\\/category\\\/concurs\\\/\",\"nextItem\":{\"@type\":\"ListItem\",\"@id\":\"https:\\\/\\\/favoritplus.ro\\\/en\\\/favorit-lanseaza-concursul-foto-drumul-taberei-identitate-memorie-viitor\\\/#listItem\",\"name\":\"FAVORIT+ lanseaz\\u0103 concursul foto \\u00abDrumul Taberei: Identitate, Memorie, Viitor\\u00bb\"},\"previousItem\":{\"@type\":\"ListItem\",\"@id\":\"https:\\\/\\\/favoritplus.ro\\\/en#listItem\",\"name\":\"Home\"}},{\"@type\":\"ListItem\",\"@id\":\"https:\\\/\\\/favoritplus.ro\\\/en\\\/favorit-lanseaza-concursul-foto-drumul-taberei-identitate-memorie-viitor\\\/#listItem\",\"position\":3,\"name\":\"FAVORIT+ lanseaz\\u0103 concursul foto \\u00abDrumul Taberei: Identitate, Memorie, Viitor\\u00bb\",\"previousItem\":{\"@type\":\"ListItem\",\"@id\":\"https:\\\/\\\/favoritplus.ro\\\/en\\\/category\\\/concurs\\\/#listItem\",\"name\":\"CONCURS\"}}]},{\"@type\":\"Organization\",\"@id\":\"https:\\\/\\\/favoritplus.ro\\\/en\\\/#organization\",\"name\":\"FAVORIT+ | Favorit Plus\",\"description\":\"Proiect de regenerare urban\\u0103 bio-based \\u00een Cartierul Favorit, Sectorul 6 Bucure\\u0219ti\",\"url\":\"https:\\\/\\\/favoritplus.ro\\\/en\\\/\",\"email\":\"favoritplus@primarie6.ro\",\"logo\":{\"@type\":\"ImageObject\",\"url\":\"https:\\\/\\\/favoritplus.ro\\\/wp-content\\\/uploads\\\/2026\\\/02\\\/FAVORITplus-LOGO-WORDMARK-BLUE-scaled.png\",\"@id\":\"https:\\\/\\\/favoritplus.ro\\\/en\\\/favorit-lanseaza-concursul-foto-drumul-taberei-identitate-memorie-viitor\\\/#organizationLogo\",\"width\":2560,\"height\":443},\"image\":{\"@id\":\"https:\\\/\\\/favoritplus.ro\\\/en\\\/favorit-lanseaza-concursul-foto-drumul-taberei-identitate-memorie-viitor\\\/#organizationLogo\"},\"sameAs\":[\"https:\\\/\\\/www.facebook.com\\\/profile.php?id=61586269782435\",\"https:\\\/\\\/x.com\\\/favorit_plus\",\"https:\\\/\\\/www.youtube.com\\\/@FavoritPlus-z5o\",\"https:\\\/\\\/www.linkedin.com\\\/company\\\/favoritplus\\\/\"]},{\"@type\":\"Person\",\"@id\":\"https:\\\/\\\/favoritplus.ro\\\/en\\\/author\\\/urbanize\\\/#author\",\"url\":\"https:\\\/\\\/favoritplus.ro\\\/en\\\/author\\\/urbanize\\\/\",\"name\":\"Marius Marius\",\"image\":{\"@type\":\"ImageObject\",\"@id\":\"https:\\\/\\\/favoritplus.ro\\\/en\\\/favorit-lanseaza-concursul-foto-drumul-taberei-identitate-memorie-viitor\\\/#authorImage\",\"url\":\"https:\\\/\\\/secure.gravatar.com\\\/avatar\\\/ba19dedd8ff2296ab3877d9007e4f9054e0b2bf446f153318b019b9f0d02ca10?s=96&d=mm&r=g\",\"width\":96,\"height\":96,\"caption\":\"Marius Marius\"}},{\"@type\":\"WebPage\",\"@id\":\"https:\\\/\\\/favoritplus.ro\\\/en\\\/favorit-lanseaza-concursul-foto-drumul-taberei-identitate-memorie-viitor\\\/#webpage\",\"url\":\"https:\\\/\\\/favoritplus.ro\\\/en\\\/favorit-lanseaza-concursul-foto-drumul-taberei-identitate-memorie-viitor\\\/\",\"name\":\"FAVORIT+ lanseaz\\u0103 concursul foto \\u00abDrumul Taberei: Identitate, Memorie, Viitor\\u00bb \\u2013 FAVORIT+ | Favorit Plus\",\"description\":\"Cum arat\\u0103 Drumul Taberei prin ochii utilizatorilor? Ce elemente \\u00eei definesc identitatea \\u0219i ce merit\\u0103 p\\u0103strat pe m\\u0103sur\\u0103 ce acest cartier se transform\\u0103? FAVORIT+ lanseaz\\u0103 concursul foto \\u201cDrumul Taberei: Identitate, Memorie, Viitor\\u201d, o invita\\u021bie deschis\\u0103 de a documenta prin fotografie oamenii locului, arhitectura, spa\\u021biile comunitare, memoria \\u0219i via\\u021ba cotidian\\u0103 a unuia dintre cele mai recognoscibile\",\"inLanguage\":\"en-GB\",\"isPartOf\":{\"@id\":\"https:\\\/\\\/favoritplus.ro\\\/en\\\/#website\"},\"breadcrumb\":{\"@id\":\"https:\\\/\\\/favoritplus.ro\\\/en\\\/favorit-lanseaza-concursul-foto-drumul-taberei-identitate-memorie-viitor\\\/#breadcrumblist\"},\"author\":{\"@id\":\"https:\\\/\\\/favoritplus.ro\\\/en\\\/author\\\/urbanize\\\/#author\"},\"creator\":{\"@id\":\"https:\\\/\\\/favoritplus.ro\\\/en\\\/author\\\/urbanize\\\/#author\"},\"image\":{\"@type\":\"ImageObject\",\"url\":\"https:\\\/\\\/favoritplus.ro\\\/wp-content\\\/uploads\\\/drumul-taberei-2-e1788254850579.jpeg\",\"@id\":\"https:\\\/\\\/favoritplus.ro\\\/en\\\/favorit-lanseaza-concursul-foto-drumul-taberei-identitate-memorie-viitor\\\/#mainImage\",\"width\":1920,\"height\":1082},\"primaryImageOfPage\":{\"@id\":\"https:\\\/\\\/favoritplus.ro\\\/en\\\/favorit-lanseaza-concursul-foto-drumul-taberei-identitate-memorie-viitor\\\/#mainImage\"},\"datePublished\":\"2026-09-01T10:56:35+02:00\",\"dateModified\":\"2026-09-01T11:39:19+02:00\"},{\"@type\":\"WebSite\",\"@id\":\"https:\\\/\\\/favoritplus.ro\\\/en\\\/#website\",\"url\":\"https:\\\/\\\/favoritplus.ro\\\/en\\\/\",\"name\":\"FAVORIT+ | Favorit Plus\",\"alternateName\":\"favorit plus\",\"description\":\"Proiect de regenerare urban\\u0103 bio-based \\u00een Cartierul Favorit, Sectorul 6 Bucure\\u0219ti\",\"inLanguage\":\"en-GB\",\"publisher\":{\"@id\":\"https:\\\/\\\/favoritplus.ro\\\/en\\\/#organization\"}}]}\n\t\t<\/script>\n\t\t<!-- All in One SEO -->\n\n","aioseo_head_json":{"title":"FAVORIT+ lanseaz\u0103 concursul foto \u00abDrumul Taberei: Identitate, Memorie, Viitor\u00bb \u2013 FAVORIT+ | Favorit Plus","description":"Cum arat\u0103 Drumul Taberei prin ochii utilizatorilor? Ce elemente \u00eei definesc identitatea \u0219i ce merit\u0103 p\u0103strat pe m\u0103sur\u0103 ce acest cartier se transform\u0103? FAVORIT+ lanseaz\u0103 concursul foto \u201cDrumul Taberei: Identitate, Memorie, Viitor\u201d, o invita\u021bie deschis\u0103 de a documenta prin fotografie oamenii locului, arhitectura, spa\u021biile comunitare, memoria \u0219i via\u021ba cotidian\u0103 a unuia dintre cele mai recognoscibile","canonical_url":"https:\/\/favoritplus.ro\/en\/favorit-lanseaza-concursul-foto-drumul-taberei-identitate-memorie-viitor\/","robots":"max-image-preview:large","keywords":"","webmasterTools":{"google-site-verification":"RHLDH-FqSqpZuKrc6v2-k7Gj6eB58YsjUs2Q3MhpHUg","miscellaneous":""},"schema":{"@context":"https:\/\/schema.org","@graph":[{"@type":"BlogPosting","@id":"https:\/\/favoritplus.ro\/en\/favorit-lanseaza-concursul-foto-drumul-taberei-identitate-memorie-viitor\/#blogposting","name":"FAVORIT+ lanseaz\u0103 concursul foto \u00abDrumul Taberei: Identitate, Memorie, Viitor\u00bb \u2013 FAVORIT+ | Favorit Plus","headline":"FAVORIT+ lanseaz\u0103 concursul foto \u00abDrumul Taberei: Identitate, Memorie, Viitor\u00bb","author":{"@id":"https:\/\/favoritplus.ro\/en\/author\/urbanize\/#author"},"publisher":{"@id":"https:\/\/favoritplus.ro\/en\/#organization"},"image":{"@type":"ImageObject","url":"https:\/\/favoritplus.ro\/wp-content\/uploads\/drumul-taberei-2-e1788254850579.jpeg","width":1920,"height":1082},"datePublished":"2026-09-01T10:56:35+02:00","dateModified":"2026-09-01T11:39:19+02:00","inLanguage":"en-GB","mainEntityOfPage":{"@id":"https:\/\/favoritplus.ro\/en\/favorit-lanseaza-concursul-foto-drumul-taberei-identitate-memorie-viitor\/#webpage"},"isPartOf":{"@id":"https:\/\/favoritplus.ro\/en\/favorit-lanseaza-concursul-foto-drumul-taberei-identitate-memorie-viitor\/#webpage"},"articleSection":"CONCURS"},{"@type":"BreadcrumbList","@id":"https:\/\/favoritplus.ro\/en\/favorit-lanseaza-concursul-foto-drumul-taberei-identitate-memorie-viitor\/#breadcrumblist","itemListElement":[{"@type":"ListItem","@id":"https:\/\/favoritplus.ro\/en#listItem","position":1,"name":"Home","item":"https:\/\/favoritplus.ro\/en","nextItem":{"@type":"ListItem","@id":"https:\/\/favoritplus.ro\/en\/category\/concurs\/#listItem","name":"CONCURS"}},{"@type":"ListItem","@id":"https:\/\/favoritplus.ro\/en\/category\/concurs\/#listItem","position":2,"name":"CONCURS","item":"https:\/\/favoritplus.ro\/en\/category\/concurs\/","nextItem":{"@type":"ListItem","@id":"https:\/\/favoritplus.ro\/en\/favorit-lanseaza-concursul-foto-drumul-taberei-identitate-memorie-viitor\/#listItem","name":"FAVORIT+ lanseaz\u0103 concursul foto \u00abDrumul Taberei: Identitate, Memorie, Viitor\u00bb"},"previousItem":{"@type":"ListItem","@id":"https:\/\/favoritplus.ro\/en#listItem","name":"Home"}},{"@type":"ListItem","@id":"https:\/\/favoritplus.ro\/en\/favorit-lanseaza-concursul-foto-drumul-taberei-identitate-memorie-viitor\/#listItem","position":3,"name":"FAVORIT+ lanseaz\u0103 concursul foto \u00abDrumul Taberei: Identitate, Memorie, Viitor\u00bb","previousItem":{"@type":"ListItem","@id":"https:\/\/favoritplus.ro\/en\/category\/concurs\/#listItem","name":"CONCURS"}}]},{"@type":"Organization","@id":"https:\/\/favoritplus.ro\/en\/#organization","name":"FAVORIT+ | Favorit Plus","description":"Proiect de regenerare urban\u0103 bio-based \u00een Cartierul Favorit, Sectorul 6 Bucure\u0219ti","url":"https:\/\/favoritplus.ro\/en\/","email":"favoritplus@primarie6.ro","logo":{"@type":"ImageObject","url":"https:\/\/favoritplus.ro\/wp-content\/uploads\/2026\/02\/FAVORITplus-LOGO-WORDMARK-BLUE-scaled.png","@id":"https:\/\/favoritplus.ro\/en\/favorit-lanseaza-concursul-foto-drumul-taberei-identitate-memorie-viitor\/#organizationLogo","width":2560,"height":443},"image":{"@id":"https:\/\/favoritplus.ro\/en\/favorit-lanseaza-concursul-foto-drumul-taberei-identitate-memorie-viitor\/#organizationLogo"},"sameAs":["https:\/\/www.facebook.com\/profile.php?id=61586269782435","https:\/\/x.com\/favorit_plus","https:\/\/www.youtube.com\/@FavoritPlus-z5o","https:\/\/www.linkedin.com\/company\/favoritplus\/"]},{"@type":"Person","@id":"https:\/\/favoritplus.ro\/en\/author\/urbanize\/#author","url":"https:\/\/favoritplus.ro\/en\/author\/urbanize\/","name":"Marius Marius","image":{"@type":"ImageObject","@id":"https:\/\/favoritplus.ro\/en\/favorit-lanseaza-concursul-foto-drumul-taberei-identitate-memorie-viitor\/#authorImage","url":"https:\/\/secure.gravatar.com\/avatar\/ba19dedd8ff2296ab3877d9007e4f9054e0b2bf446f153318b019b9f0d02ca10?s=96&d=mm&r=g","width":96,"height":96,"caption":"Marius Marius"}},{"@type":"WebPage","@id":"https:\/\/favoritplus.ro\/en\/favorit-lanseaza-concursul-foto-drumul-taberei-identitate-memorie-viitor\/#webpage","url":"https:\/\/favoritplus.ro\/en\/favorit-lanseaza-concursul-foto-drumul-taberei-identitate-memorie-viitor\/","name":"FAVORIT+ lanseaz\u0103 concursul foto \u00abDrumul Taberei: Identitate, Memorie, Viitor\u00bb \u2013 FAVORIT+ | Favorit Plus","description":"Cum arat\u0103 Drumul Taberei prin ochii utilizatorilor? Ce elemente \u00eei definesc identitatea \u0219i ce merit\u0103 p\u0103strat pe m\u0103sur\u0103 ce acest cartier se transform\u0103? FAVORIT+ lanseaz\u0103 concursul foto \u201cDrumul Taberei: Identitate, Memorie, Viitor\u201d, o invita\u021bie deschis\u0103 de a documenta prin fotografie oamenii locului, arhitectura, spa\u021biile comunitare, memoria \u0219i via\u021ba cotidian\u0103 a unuia dintre cele mai recognoscibile","inLanguage":"en-GB","isPartOf":{"@id":"https:\/\/favoritplus.ro\/en\/#website"},"breadcrumb":{"@id":"https:\/\/favoritplus.ro\/en\/favorit-lanseaza-concursul-foto-drumul-taberei-identitate-memorie-viitor\/#breadcrumblist"},"author":{"@id":"https:\/\/favoritplus.ro\/en\/author\/urbanize\/#author"},"creator":{"@id":"https:\/\/favoritplus.ro\/en\/author\/urbanize\/#author"},"image":{"@type":"ImageObject","url":"https:\/\/favoritplus.ro\/wp-content\/uploads\/drumul-taberei-2-e1788254850579.jpeg","@id":"https:\/\/favoritplus.ro\/en\/favorit-lanseaza-concursul-foto-drumul-taberei-identitate-memorie-viitor\/#mainImage","width":1920,"height":1082},"primaryImageOfPage":{"@id":"https:\/\/favoritplus.ro\/en\/favorit-lanseaza-concursul-foto-drumul-taberei-identitate-memorie-viitor\/#mainImage"},"datePublished":"2026-09-01T10:56:35+02:00","dateModified":"2026-09-01T11:39:19+02:00"},{"@type":"WebSite","@id":"https:\/\/favoritplus.ro\/en\/#website","url":"https:\/\/favoritplus.ro\/en\/","name":"FAVORIT+ | Favorit Plus","alternateName":"favorit plus","description":"Proiect de regenerare urban\u0103 bio-based \u00een Cartierul Favorit, Sectorul 6 Bucure\u0219ti","inLanguage":"en-GB","publisher":{"@id":"https:\/\/favoritplus.ro\/en\/#organization"}}]},"og:locale":"en_GB","og:site_name":"FAVORIT+ | Favorit Plus \u2013 Proiect de regenerare urban\u0103 bio-based \u00een Cartierul Favorit, Sectorul 6 Bucure\u0219ti","og:type":"article","og:title":"FAVORIT+ lanseaz\u0103 concursul foto \u00abDrumul Taberei: Identitate, Memorie, Viitor\u00bb \u2013 FAVORIT+ | Favorit Plus","og:description":"Cum arat\u0103 Drumul Taberei prin ochii utilizatorilor? Ce elemente \u00eei definesc identitatea \u0219i ce merit\u0103 p\u0103strat pe m\u0103sur\u0103 ce acest cartier se transform\u0103? FAVORIT+ lanseaz\u0103 concursul foto \u201cDrumul Taberei: Identitate, Memorie, Viitor\u201d, o invita\u021bie deschis\u0103 de a documenta prin fotografie oamenii locului, arhitectura, spa\u021biile comunitare, memoria \u0219i via\u021ba cotidian\u0103 a unuia dintre cele mai recognoscibile","og:url":"https:\/\/favoritplus.ro\/en\/favorit-lanseaza-concursul-foto-drumul-taberei-identitate-memorie-viitor\/","og:image":"https:\/\/favoritplus.ro\/wp-content\/uploads\/FAVORITplus-site-cover.png","og:image:secure_url":"https:\/\/favoritplus.ro\/wp-content\/uploads\/FAVORITplus-site-cover.png","og:image:width":1200,"og:image:height":960,"article:published_time":"2026-09-01T08:56:35+00:00","article:modified_time":"2026-09-01T09:39:19+00:00","article:publisher":"https:\/\/www.facebook.com\/profile.php?id=61586269782435","twitter:card":"summary_large_image","twitter:site":"@favorit_plus","twitter:title":"FAVORIT+ lanseaz\u0103 concursul foto \u00abDrumul Taberei: Identitate, Memorie, Viitor\u00bb \u2013 FAVORIT+ | Favorit Plus","twitter:description":"Cum arat\u0103 Drumul Taberei prin ochii utilizatorilor? Ce elemente \u00eei definesc identitatea \u0219i ce merit\u0103 p\u0103strat pe m\u0103sur\u0103 ce acest cartier se transform\u0103? FAVORIT+ lanseaz\u0103 concursul foto \u201cDrumul Taberei: Identitate, Memorie, Viitor\u201d, o invita\u021bie deschis\u0103 de a documenta prin fotografie oamenii locului, arhitectura, spa\u021biile comunitare, memoria \u0219i via\u021ba cotidian\u0103 a unuia dintre cele mai recognoscibile","twitter:creator":"@favorit_plus","twitter:image":"https:\/\/favoritplus.ro\/wp-content\/uploads\/FAVORITplus-site-cover.png"},"aioseo_meta_data":{"post_id":"924","title":null,"description":null,"keywords":null,"keyphrases":{"focus":{"keyphrase":"","score":0,"analysis":{"keyphraseInTitle":{"score":0,"maxScore":9,"error":1}}},"additional":[]},"primary_term":null,"canonical_url":null,"og_title":null,"og_description":null,"og_object_type":"default","og_image_type":"default","og_image_url":null,"og_image_width":null,"og_image_height":null,"og_image_custom_url":null,"og_image_custom_fields":null,"og_video":"","og_custom_url":null,"og_article_section":null,"og_article_tags":null,"twitter_use_og":false,"twitter_card":"default","twitter_image_type":"default","twitter_image_url":null,"twitter_image_custom_url":null,"twitter_image_custom_fields":null,"twitter_title":null,"twitter_description":null,"schema":{"blockGraphs":[],"customGraphs":[],"default":{"data":{"Article":[],"Course":[],"Dataset":[],"FAQPage":[],"Movie":[],"Person":[],"Product":[],"ProductReview":[],"Car":[],"Recipe":[],"Service":[],"SoftwareApplication":[],"WebPage":[]},"graphName":"BlogPosting","isEnabled":true},"graphs":[]},"schema_type":"default","schema_type_options":null,"pillar_content":false,"robots_default":true,"robots_noindex":false,"robots_noarchive":false,"robots_nosnippet":false,"robots_nofollow":false,"robots_noimageindex":false,"robots_noodp":false,"robots_notranslate":false,"robots_max_snippet":"-1","robots_max_videopreview":"-1","robots_max_imagepreview":"large","priority":null,"frequency":"default","local_seo":null,"breadcrumb_settings":null,"limit_modified_date":false,"ai":{"faqs":[],"keyPoints":[],"schemas":[],"titles":[],"descriptions":[],"socialPosts":{"email":{"subject":"","preview":"","content":""},"linkedin":[],"twitter":[],"facebook":[],"instagram":[]}},"created":"2026-09-01 08:57:07","updated":"2026-09-01 09:39:19","seo_analyzer_scan_date":null,"focus_keyword":null,"additional_keywords":null,"truseo_locale":null},"aioseo_breadcrumb":"<div class=\"aioseo-breadcrumbs\"><span class=\"aioseo-breadcrumb\">\n\t\t\t<a href=\"https:\/\/favoritplus.ro\/en\" title=\"Home\">Home<\/a>\n\t\t<\/span><span class=\"aioseo-breadcrumb-separator\">|<\/span><span class=\"aioseo-breadcrumb\">\n\t\t\t<a href=\"https:\/\/favoritplus.ro\/en\/category\/concurs\/\" title=\"CONCURS\">CONCURS<\/a>\n\t\t<\/span><span class=\"aioseo-breadcrumb-separator\">|<\/span><span class=\"aioseo-breadcrumb\">\n\t\t\tFAVORIT+ lanseaz\u0103 concursul foto \u00abDrumul Taberei: Identitate, Memorie, Viitor\u00bb\n\t\t<\/span><\/div>","aioseo_breadcrumb_json":[{"label":"Home","link":"https:\/\/favoritplus.ro\/en"},{"label":"CONCURS","link":"https:\/\/favoritplus.ro\/en\/category\/concurs\/"},{"label":"FAVORIT+ lanseaz\u0103 concursul foto \u00abDrumul Taberei: Identitate, Memorie, Viitor\u00bb","link":"https:\/\/favoritplus.ro\/en\/favorit-lanseaza-concursul-foto-drumul-taberei-identitate-memorie-viitor\/"}],"_links":{"self":[{"href":"https:\/\/favoritplus.ro\/en\/wp-json\/wp\/v2\/posts\/924","targetHints":{"allow":["GET"]}}],"collection":[{"href":"https:\/\/favoritplus.ro\/en\/wp-json\/wp\/v2\/posts"}],"about":[{"href":"https:\/\/favoritplus.ro\/en\/wp-json\/wp\/v2\/types\/post"}],"author":[{"embeddable":true,"href":"https:\/\/favoritplus.ro\/en\/wp-json\/wp\/v2\/users\/2"}],"replies":[{"embeddable":true,"href":"https:\/\/favoritplus.ro\/en\/wp-json\/wp\/v2\/comments?post=924"}],"version-history":[{"count":6,"href":"https:\/\/favoritplus.ro\/en\/wp-json\/wp\/v2\/posts\/924\/revisions"}],"predecessor-version":[{"id":935,"href":"https:\/\/favoritplus.ro\/en\/wp-json\/wp\/v2\/posts\/924\/revisions\/935"}],"wp:featuredmedia":[{"embeddable":true,"href":"https:\/\/favoritplus.ro\/en\/wp-json\/wp\/v2\/media\/931"}],"wp:attachment":[{"href":"https:\/\/favoritplus.ro\/en\/wp-json\/wp\/v2\/media?parent=924"}],"wp:term":[{"taxonomy":"category","embeddable":true,"href":"https:\/\/favoritplus.ro\/en\/wp-json\/wp\/v2\/categories?post=924"},{"taxonomy":"post_tag","embeddable":true,"href":"https:\/\/favoritplus.ro\/en\/wp-json\/wp\/v2\/tags?post=924"}],"curies":[{"name":"wp","href":"https:\/\/api.w.org\/{rel}","templated":true}]}}